{"id":2272,"date":"2022-03-08T10:00:00","date_gmt":"2022-03-08T18:00:00","guid":{"rendered":"https:\/\/www.cardenasmarkets.com\/?post_type=news&#038;p=2272"},"modified":"2022-07-10T14:30:16","modified_gmt":"2022-07-10T21:30:16","slug":"darla-sebastian-promovida-a-vicepresidenta-de-proyectos-especiales","status":"publish","type":"news","link":"https:\/\/www.cardenasmarkets.com\/es\/news\/darla-sebastian-promovida-a-vicepresidenta-de-proyectos-especiales\/","title":{"rendered":"Darla Sebastian promovida a Vicepresidenta de proyectos especiales"},"content":{"rendered":"\n<p><strong>Ontario, California (8 de marzo de 2022)<\/strong> \u2013 Cardenas Markets se complace en anunciar el ascenso de <strong>Darla Sebastian<\/strong> al puesto de <strong>Vicepresidenta<\/strong> de <strong>proyectos especiales<\/strong>.&nbsp;<\/p>\n\n\n\n<p>En este puesto, Sebastian reportar\u00e1 directamente a <strong>Prabash Coswatte, Director de operaciones de Cardenas Markets<\/strong>, e impulsar\u00e1, facilitar\u00e1 y supervisar\u00e1 la implementaci\u00f3n de los esfuerzos estrat\u00e9gicos clave e iniciativas prioritarias de la empresa.<\/p>\n\n\n\n<p>\u00abDarla aporta una amplia experiencia en gesti\u00f3n de proyectos y ventas minoristas a su nuevo puesto\u00bb, dijo Coswatte. \u00abEs una l\u00edder fuerte y altamente preparada, que tiene una reputaci\u00f3n de transformar la visi\u00f3n estrat\u00e9gica en realidad, y en su nuevo papel conf\u00edo en que continuar\u00e1 desempe\u00f1ando un papel vital en la mejora de las operaciones comerciales actuales al tiempo que proporciona soluciones concretas que guiar\u00e1n y llevar\u00e1n a buen t\u00e9rmino los esfuerzos futuros\u00bb, agreg\u00f3.&nbsp; &nbsp;&nbsp;<\/p>\n\n\n\n<p>Sebastian se uni\u00f3 a Cardenas Markets en 2019 con m\u00e1s de 20 a\u00f1os de experiencia en gesti\u00f3n de ventas minoristas con enfoque en comercio electr\u00f3nico, cadena de suministro, operaciones financieras y sistemas de tiendas.<\/p>\n\n\n\n<p>Antes de unirse a Cardenas Markets, Sebastian se desempe\u00f1\u00f3 como Directora de TI en Monoprice, Inc., un minorista electr\u00f3nico en l\u00ednea, donde fue responsable de todas las funciones de TI. Sebastian tambi\u00e9n trabaj\u00f3 como Consultora senior de Gerente de proyectos para Smart Code LLC, donde gestion\u00f3 m\u00faltiples proyectos desde el inicio hasta la finalizaci\u00f3n para los principales clientes, incluida una importante cadena de supermercados del sur de California. Tambi\u00e9n se desempe\u00f1\u00f3 como Gerenta senior de entrega y Gerenta senior de proyectos para un prominente minorista de grandes descuentos.<\/p>\n\n\n\n<p>Sebastian tiene una licenciatura en Ciencias en gesti\u00f3n empresarial y una licenciatura en Artes en psicolog\u00eda. Tambi\u00e9n ha sido certificada como Profesional de gesti\u00f3n de proyectos (PMP).<\/p>\n","protected":false},"excerpt":{"rendered":"<p>Ontario, California (8 de marzo de 2022) \u2013 Cardenas Markets se complace en anunciar el ascenso de Darla Sebastian al puesto de Vicepresidenta de proyectos especiales.&nbsp; En este puesto, Sebastian reportar\u00e1 directamente a Prabash Coswatte, Director de operaciones de Cardenas Markets, e impulsar\u00e1, facilitar\u00e1 y supervisar\u00e1 la implementaci\u00f3n de los esfuerzos estrat\u00e9gicos clave e iniciativas [&hellip;]<\/p>\n","protected":false},"featured_media":2281,"template":"","news_category":[20],"class_list":["post-2272","news","type-news","status-publish","has-post-thumbnail","hentry","news_category-comunicados-de-prensa"],"acf":[],"yoast_head":"<!-- This site is optimized with the Yoast SEO plugin v27.4 - https:\/\/yoast.com\/product\/yoast-seo-wordpress\/ -->\n<title>Darla Sebastian promovida a Vicepresidenta de proyectos especiales - Cardenas Markets<\/title>\n<meta name=\"robots\" content=\"index, follow, max-snippet:-1, max-image-preview:large, max-video-preview:-1\" \/>\n<link rel=\"canonical\" href=\"https:\/\/www.cardenasmarkets.com\/?post_type=news&p=2267\" \/>\n<meta property=\"og:locale\" content=\"es_ES\" \/>\n<meta property=\"og:type\" content=\"article\" \/>\n<meta property=\"og:title\" content=\"Darla Sebastian promovida a Vicepresidenta de proyectos especiales - Cardenas Markets\" \/>\n<meta property=\"og:description\" content=\"Ontario, California (8 de marzo de 2022) \u2013 Cardenas Markets se complace en anunciar el ascenso de Darla Sebastian al puesto de Vicepresidenta de proyectos especiales.&nbsp; En este puesto, Sebastian reportar\u00e1 directamente a Prabash Coswatte, Director de operaciones de Cardenas Markets, e impulsar\u00e1, facilitar\u00e1 y supervisar\u00e1 la implementaci\u00f3n de los esfuerzos estrat\u00e9gicos clave e iniciativas [&hellip;]\" \/>\n<meta property=\"og:url\" content=\"https:\/\/www.cardenasmarkets.com\/?post_type=news&amp;p=2267\" \/>\n<meta property=\"og:site_name\" content=\"Cardenas Markets\" \/>\n<meta property=\"article:modified_time\" content=\"2022-07-10T21:30:16+00:00\" \/>\n<meta property=\"og:image\" content=\"https:\/\/www.cardenasmarkets.com\/wp-content\/uploads\/Darla-Sebastian-Thumbnail-Image-1.jpg\" \/>\n\t<meta property=\"og:image:width\" content=\"668\" \/>\n\t<meta property=\"og:image:height\" content=\"654\" \/>\n\t<meta property=\"og:image:type\" content=\"image\/jpeg\" \/>\n<meta name=\"twitter:card\" content=\"summary_large_image\" \/>\n<meta name=\"twitter:label1\" content=\"Est. reading time\" \/>\n\t<meta name=\"twitter:data1\" content=\"2 minutos\" \/>\n<script type=\"application\/ld+json\" class=\"yoast-schema-graph\">{\"@context\":\"https:\\\/\\\/schema.org\",\"@graph\":[{\"@type\":\"WebPage\",\"@id\":\"https:\\\/\\\/www.cardenasmarkets.com\\\/?post_type=news&p=2267\",\"url\":\"https:\\\/\\\/www.cardenasmarkets.com\\\/?post_type=news&p=2267\",\"name\":\"Darla Sebastian promovida a Vicepresidenta de proyectos especiales - Cardenas Markets\",\"isPartOf\":{\"@id\":\"https:\\\/\\\/www.cardenasmarkets.com\\\/es\\\/#website\"},\"primaryImageOfPage\":{\"@id\":\"https:\\\/\\\/www.cardenasmarkets.com\\\/?post_type=news&p=2267#primaryimage\"},\"image\":{\"@id\":\"https:\\\/\\\/www.cardenasmarkets.com\\\/?post_type=news&p=2267#primaryimage\"},\"thumbnailUrl\":\"https:\\\/\\\/www.cardenasmarkets.com\\\/wp-content\\\/uploads\\\/Darla-Sebastian-Thumbnail-Image-1.jpg\",\"datePublished\":\"2022-03-08T18:00:00+00:00\",\"dateModified\":\"2022-07-10T21:30:16+00:00\",\"breadcrumb\":{\"@id\":\"https:\\\/\\\/www.cardenasmarkets.com\\\/?post_type=news&p=2267#breadcrumb\"},\"inLanguage\":\"es\",\"potentialAction\":[{\"@type\":\"ReadAction\",\"target\":[\"https:\\\/\\\/www.cardenasmarkets.com\\\/?post_type=news&p=2267\"]}]},{\"@type\":\"ImageObject\",\"inLanguage\":\"es\",\"@id\":\"https:\\\/\\\/www.cardenasmarkets.com\\\/?post_type=news&p=2267#primaryimage\",\"url\":\"https:\\\/\\\/www.cardenasmarkets.com\\\/wp-content\\\/uploads\\\/Darla-Sebastian-Thumbnail-Image-1.jpg\",\"contentUrl\":\"https:\\\/\\\/www.cardenasmarkets.com\\\/wp-content\\\/uploads\\\/Darla-Sebastian-Thumbnail-Image-1.jpg\",\"width\":668,\"height\":654,\"caption\":\"Darla Sebastian promotion article tumbnail\"},{\"@type\":\"BreadcrumbList\",\"@id\":\"https:\\\/\\\/www.cardenasmarkets.com\\\/?post_type=news&p=2267#breadcrumb\",\"itemListElement\":[{\"@type\":\"ListItem\",\"position\":1,\"name\":\"Home\",\"item\":\"https:\\\/\\\/www.cardenasmarkets.com\\\/es\\\/\"},{\"@type\":\"ListItem\",\"position\":2,\"name\":\"News\",\"item\":\"https:\\\/\\\/www.cardenasmarkets.com\\\/news\\\/\"},{\"@type\":\"ListItem\",\"position\":3,\"name\":\"Darla Sebastian promovida a Vicepresidenta de proyectos especiales\"}]},{\"@type\":\"WebSite\",\"@id\":\"https:\\\/\\\/www.cardenasmarkets.com\\\/es\\\/#website\",\"url\":\"https:\\\/\\\/www.cardenasmarkets.com\\\/es\\\/\",\"name\":\"Cardenas Markets\",\"description\":\"\",\"potentialAction\":[{\"@type\":\"SearchAction\",\"target\":{\"@type\":\"EntryPoint\",\"urlTemplate\":\"https:\\\/\\\/www.cardenasmarkets.com\\\/es\\\/?s={search_term_string}\"},\"query-input\":{\"@type\":\"PropertyValueSpecification\",\"valueRequired\":true,\"valueName\":\"search_term_string\"}}],\"inLanguage\":\"es\"}]}<\/script>\n<!-- \/ Yoast SEO plugin. -->","yoast_head_json":{"title":"Darla Sebastian promovida a Vicepresidenta de proyectos especiales - Cardenas Markets","robots":{"index":"index","follow":"follow","max-snippet":"max-snippet:-1","max-image-preview":"max-image-preview:large","max-video-preview":"max-video-preview:-1"},"canonical":"https:\/\/www.cardenasmarkets.com\/?post_type=news&p=2267","og_locale":"es_ES","og_type":"article","og_title":"Darla Sebastian promovida a Vicepresidenta de proyectos especiales - Cardenas Markets","og_description":"Ontario, California (8 de marzo de 2022) \u2013 Cardenas Markets se complace en anunciar el ascenso de Darla Sebastian al puesto de Vicepresidenta de proyectos especiales.&nbsp; En este puesto, Sebastian reportar\u00e1 directamente a Prabash Coswatte, Director de operaciones de Cardenas Markets, e impulsar\u00e1, facilitar\u00e1 y supervisar\u00e1 la implementaci\u00f3n de los esfuerzos estrat\u00e9gicos clave e iniciativas [&hellip;]","og_url":"https:\/\/www.cardenasmarkets.com\/?post_type=news&p=2267","og_site_name":"Cardenas Markets","article_modified_time":"2022-07-10T21:30:16+00:00","og_image":[{"width":668,"height":654,"url":"https:\/\/www.cardenasmarkets.com\/wp-content\/uploads\/Darla-Sebastian-Thumbnail-Image-1.jpg","type":"image\/jpeg"}],"twitter_card":"summary_large_image","twitter_misc":{"Est. reading time":"2 minutos"},"schema":{"@context":"https:\/\/schema.org","@graph":[{"@type":"WebPage","@id":"https:\/\/www.cardenasmarkets.com\/?post_type=news&p=2267","url":"https:\/\/www.cardenasmarkets.com\/?post_type=news&p=2267","name":"Darla Sebastian promovida a Vicepresidenta de proyectos especiales - Cardenas Markets","isPartOf":{"@id":"https:\/\/www.cardenasmarkets.com\/es\/#website"},"primaryImageOfPage":{"@id":"https:\/\/www.cardenasmarkets.com\/?post_type=news&p=2267#primaryimage"},"image":{"@id":"https:\/\/www.cardenasmarkets.com\/?post_type=news&p=2267#primaryimage"},"thumbnailUrl":"https:\/\/www.cardenasmarkets.com\/wp-content\/uploads\/Darla-Sebastian-Thumbnail-Image-1.jpg","datePublished":"2022-03-08T18:00:00+00:00","dateModified":"2022-07-10T21:30:16+00:00","breadcrumb":{"@id":"https:\/\/www.cardenasmarkets.com\/?post_type=news&p=2267#breadcrumb"},"inLanguage":"es","potentialAction":[{"@type":"ReadAction","target":["https:\/\/www.cardenasmarkets.com\/?post_type=news&p=2267"]}]},{"@type":"ImageObject","inLanguage":"es","@id":"https:\/\/www.cardenasmarkets.com\/?post_type=news&p=2267#primaryimage","url":"https:\/\/www.cardenasmarkets.com\/wp-content\/uploads\/Darla-Sebastian-Thumbnail-Image-1.jpg","contentUrl":"https:\/\/www.cardenasmarkets.com\/wp-content\/uploads\/Darla-Sebastian-Thumbnail-Image-1.jpg","width":668,"height":654,"caption":"Darla Sebastian promotion article tumbnail"},{"@type":"BreadcrumbList","@id":"https:\/\/www.cardenasmarkets.com\/?post_type=news&p=2267#breadcrumb","itemListElement":[{"@type":"ListItem","position":1,"name":"Home","item":"https:\/\/www.cardenasmarkets.com\/es\/"},{"@type":"ListItem","position":2,"name":"News","item":"https:\/\/www.cardenasmarkets.com\/news\/"},{"@type":"ListItem","position":3,"name":"Darla Sebastian promovida a Vicepresidenta de proyectos especiales"}]},{"@type":"WebSite","@id":"https:\/\/www.cardenasmarkets.com\/es\/#website","url":"https:\/\/www.cardenasmarkets.com\/es\/","name":"Cardenas Markets","description":"","potentialAction":[{"@type":"SearchAction","target":{"@type":"EntryPoint","urlTemplate":"https:\/\/www.cardenasmarkets.com\/es\/?s={search_term_string}"},"query-input":{"@type":"PropertyValueSpecification","valueRequired":true,"valueName":"search_term_string"}}],"inLanguage":"es"}]}},"_links":{"self":[{"href":"https:\/\/www.cardenasmarkets.com\/es\/wp-json\/wp\/v2\/news\/2272","targetHints":{"allow":["GET"]}}],"collection":[{"href":"https:\/\/www.cardenasmarkets.com\/es\/wp-json\/wp\/v2\/news"}],"about":[{"href":"https:\/\/www.cardenasmarkets.com\/es\/wp-json\/wp\/v2\/types\/news"}],"wp:featuredmedia":[{"embeddable":true,"href":"https:\/\/www.cardenasmarkets.com\/es\/wp-json\/wp\/v2\/media\/2281"}],"wp:attachment":[{"href":"https:\/\/www.cardenasmarkets.com\/es\/wp-json\/wp\/v2\/media?parent=2272"}],"wp:term":[{"taxonomy":"news_category","embeddable":true,"href":"https:\/\/www.cardenasmarkets.com\/es\/wp-json\/wp\/v2\/news_category?post=2272"}],"curies":[{"name":"wp","href":"https:\/\/api.w.org\/{rel}","templated":true}]}}