{"id":1299,"date":"2021-08-18T10:47:03","date_gmt":"2021-08-18T17:47:03","guid":{"rendered":"https:\/\/www.cardenasmarkets.com\/?post_type=news&#038;p=1299"},"modified":"2021-08-18T10:47:04","modified_gmt":"2021-08-18T17:47:04","slug":"cardenas-markets-celebra-el-regreso-a-clases","status":"publish","type":"news","link":"https:\/\/www.cardenasmarkets.com\/es\/news\/cardenas-markets-celebra-el-regreso-a-clases\/","title":{"rendered":"Cardenas Markets Celebra el Regreso a Clases"},"content":{"rendered":"\n<p><strong>Ontario, California (4 de agosto, 2021)<\/strong> \u2013 Cardenas Markets, una de las cadenas de supermercados hispanas m\u00e1s grandes del pa\u00eds, se complace en ayudar a los estudiantes locales a prepararse para el nuevo a\u00f1o escolar proporcion\u00e1ndoles mochilas gratis.<\/p>\n\n\n\n<p>El <strong>s\u00e1bado 7 de agosto de 2021<\/strong>, a partir de las <strong>8:00 a.m<\/strong>., todas las tiendas de Cardenas Markets distribuir\u00e1n mochilas a ni\u00f1os (de 5 a 13 a\u00f1os) y acompa\u00f1ados por un adulto, hasta agotar existencias.<\/p>\n\n\n\n<p>\u201cEstamos profundamente arraigados en las vecindades donde operamos\u201d, dijo <strong>Adam Salgado, Director de Marketing de C\u00e1rdenas Markets<\/strong>. \u201cNos complace el poder proporcionar estas mochilas a los ni\u00f1os locales para que puedan comenzar el nuevo a\u00f1o escolar preparados y listos para aprender\u201d, a\u00f1adi\u00f3 Salgado.<\/p>\n","protected":false},"excerpt":{"rendered":"<p>con Repartici\u00f3n de Mochilas en Todas Sus Tiendas<\/p>\n","protected":false},"featured_media":1296,"template":"","news_category":[20],"class_list":["post-1299","news","type-news","status-publish","has-post-thumbnail","hentry","news_category-comunicados-de-prensa"],"acf":[],"yoast_head":"<!-- This site is optimized with the Yoast SEO plugin v27.4 - https:\/\/yoast.com\/product\/yoast-seo-wordpress\/ -->\n<title>Cardenas Markets Celebra el Regreso a Clases - Cardenas Markets<\/title>\n<meta name=\"robots\" content=\"index, follow, max-snippet:-1, max-image-preview:large, max-video-preview:-1\" \/>\n<link rel=\"canonical\" href=\"https:\/\/www.cardenasmarkets.com\/?post_type=news&p=1294\" \/>\n<meta property=\"og:locale\" content=\"es_ES\" \/>\n<meta property=\"og:type\" content=\"article\" \/>\n<meta property=\"og:title\" content=\"Cardenas Markets Celebra el Regreso a Clases - Cardenas Markets\" \/>\n<meta property=\"og:description\" content=\"con Repartici\u00f3n de Mochilas en Todas Sus Tiendas\" \/>\n<meta property=\"og:url\" content=\"https:\/\/www.cardenasmarkets.com\/?post_type=news&amp;p=1294\" \/>\n<meta property=\"og:site_name\" content=\"Cardenas Markets\" \/>\n<meta property=\"article:modified_time\" content=\"2021-08-18T17:47:04+00:00\" \/>\n<meta property=\"og:image\" content=\"https:\/\/www.cardenasmarkets.com\/wp-content\/uploads\/backpack-thumbnail-image.jpg\" \/>\n\t<meta property=\"og:image:width\" content=\"668\" \/>\n\t<meta property=\"og:image:height\" content=\"654\" \/>\n\t<meta property=\"og:image:type\" content=\"image\/jpeg\" \/>\n<meta name=\"twitter:card\" content=\"summary_large_image\" \/>\n<meta name=\"twitter:label1\" content=\"Est. reading time\" \/>\n\t<meta name=\"twitter:data1\" content=\"1 minuto\" \/>\n<script type=\"application\/ld+json\" class=\"yoast-schema-graph\">{\"@context\":\"https:\\\/\\\/schema.org\",\"@graph\":[{\"@type\":\"WebPage\",\"@id\":\"https:\\\/\\\/www.cardenasmarkets.com\\\/?post_type=news&p=1294\",\"url\":\"https:\\\/\\\/www.cardenasmarkets.com\\\/?post_type=news&p=1294\",\"name\":\"Cardenas Markets Celebra el Regreso a Clases - Cardenas Markets\",\"isPartOf\":{\"@id\":\"https:\\\/\\\/www.cardenasmarkets.com\\\/es\\\/#website\"},\"primaryImageOfPage\":{\"@id\":\"https:\\\/\\\/www.cardenasmarkets.com\\\/?post_type=news&p=1294#primaryimage\"},\"image\":{\"@id\":\"https:\\\/\\\/www.cardenasmarkets.com\\\/?post_type=news&p=1294#primaryimage\"},\"thumbnailUrl\":\"https:\\\/\\\/www.cardenasmarkets.com\\\/wp-content\\\/uploads\\\/backpack-thumbnail-image.jpg\",\"datePublished\":\"2021-08-18T17:47:03+00:00\",\"dateModified\":\"2021-08-18T17:47:04+00:00\",\"breadcrumb\":{\"@id\":\"https:\\\/\\\/www.cardenasmarkets.com\\\/?post_type=news&p=1294#breadcrumb\"},\"inLanguage\":\"es\",\"potentialAction\":[{\"@type\":\"ReadAction\",\"target\":[\"https:\\\/\\\/www.cardenasmarkets.com\\\/?post_type=news&p=1294\"]}]},{\"@type\":\"ImageObject\",\"inLanguage\":\"es\",\"@id\":\"https:\\\/\\\/www.cardenasmarkets.com\\\/?post_type=news&p=1294#primaryimage\",\"url\":\"https:\\\/\\\/www.cardenasmarkets.com\\\/wp-content\\\/uploads\\\/backpack-thumbnail-image.jpg\",\"contentUrl\":\"https:\\\/\\\/www.cardenasmarkets.com\\\/wp-content\\\/uploads\\\/backpack-thumbnail-image.jpg\",\"width\":668,\"height\":654},{\"@type\":\"BreadcrumbList\",\"@id\":\"https:\\\/\\\/www.cardenasmarkets.com\\\/?post_type=news&p=1294#breadcrumb\",\"itemListElement\":[{\"@type\":\"ListItem\",\"position\":1,\"name\":\"Home\",\"item\":\"https:\\\/\\\/www.cardenasmarkets.com\\\/es\\\/\"},{\"@type\":\"ListItem\",\"position\":2,\"name\":\"News\",\"item\":\"https:\\\/\\\/www.cardenasmarkets.com\\\/news\\\/\"},{\"@type\":\"ListItem\",\"position\":3,\"name\":\"Cardenas Markets Celebra el Regreso a Clases\"}]},{\"@type\":\"WebSite\",\"@id\":\"https:\\\/\\\/www.cardenasmarkets.com\\\/es\\\/#website\",\"url\":\"https:\\\/\\\/www.cardenasmarkets.com\\\/es\\\/\",\"name\":\"Cardenas Markets\",\"description\":\"\",\"potentialAction\":[{\"@type\":\"SearchAction\",\"target\":{\"@type\":\"EntryPoint\",\"urlTemplate\":\"https:\\\/\\\/www.cardenasmarkets.com\\\/es\\\/?s={search_term_string}\"},\"query-input\":{\"@type\":\"PropertyValueSpecification\",\"valueRequired\":true,\"valueName\":\"search_term_string\"}}],\"inLanguage\":\"es\"}]}<\/script>\n<!-- \/ Yoast SEO plugin. -->","yoast_head_json":{"title":"Cardenas Markets Celebra el Regreso a Clases - Cardenas Markets","robots":{"index":"index","follow":"follow","max-snippet":"max-snippet:-1","max-image-preview":"max-image-preview:large","max-video-preview":"max-video-preview:-1"},"canonical":"https:\/\/www.cardenasmarkets.com\/?post_type=news&p=1294","og_locale":"es_ES","og_type":"article","og_title":"Cardenas Markets Celebra el Regreso a Clases - Cardenas Markets","og_description":"con Repartici\u00f3n de Mochilas en Todas Sus Tiendas","og_url":"https:\/\/www.cardenasmarkets.com\/?post_type=news&p=1294","og_site_name":"Cardenas Markets","article_modified_time":"2021-08-18T17:47:04+00:00","og_image":[{"width":668,"height":654,"url":"https:\/\/www.cardenasmarkets.com\/wp-content\/uploads\/backpack-thumbnail-image.jpg","type":"image\/jpeg"}],"twitter_card":"summary_large_image","twitter_misc":{"Est. reading time":"1 minuto"},"schema":{"@context":"https:\/\/schema.org","@graph":[{"@type":"WebPage","@id":"https:\/\/www.cardenasmarkets.com\/?post_type=news&p=1294","url":"https:\/\/www.cardenasmarkets.com\/?post_type=news&p=1294","name":"Cardenas Markets Celebra el Regreso a Clases - Cardenas Markets","isPartOf":{"@id":"https:\/\/www.cardenasmarkets.com\/es\/#website"},"primaryImageOfPage":{"@id":"https:\/\/www.cardenasmarkets.com\/?post_type=news&p=1294#primaryimage"},"image":{"@id":"https:\/\/www.cardenasmarkets.com\/?post_type=news&p=1294#primaryimage"},"thumbnailUrl":"https:\/\/www.cardenasmarkets.com\/wp-content\/uploads\/backpack-thumbnail-image.jpg","datePublished":"2021-08-18T17:47:03+00:00","dateModified":"2021-08-18T17:47:04+00:00","breadcrumb":{"@id":"https:\/\/www.cardenasmarkets.com\/?post_type=news&p=1294#breadcrumb"},"inLanguage":"es","potentialAction":[{"@type":"ReadAction","target":["https:\/\/www.cardenasmarkets.com\/?post_type=news&p=1294"]}]},{"@type":"ImageObject","inLanguage":"es","@id":"https:\/\/www.cardenasmarkets.com\/?post_type=news&p=1294#primaryimage","url":"https:\/\/www.cardenasmarkets.com\/wp-content\/uploads\/backpack-thumbnail-image.jpg","contentUrl":"https:\/\/www.cardenasmarkets.com\/wp-content\/uploads\/backpack-thumbnail-image.jpg","width":668,"height":654},{"@type":"BreadcrumbList","@id":"https:\/\/www.cardenasmarkets.com\/?post_type=news&p=1294#breadcrumb","itemListElement":[{"@type":"ListItem","position":1,"name":"Home","item":"https:\/\/www.cardenasmarkets.com\/es\/"},{"@type":"ListItem","position":2,"name":"News","item":"https:\/\/www.cardenasmarkets.com\/news\/"},{"@type":"ListItem","position":3,"name":"Cardenas Markets Celebra el Regreso a Clases"}]},{"@type":"WebSite","@id":"https:\/\/www.cardenasmarkets.com\/es\/#website","url":"https:\/\/www.cardenasmarkets.com\/es\/","name":"Cardenas Markets","description":"","potentialAction":[{"@type":"SearchAction","target":{"@type":"EntryPoint","urlTemplate":"https:\/\/www.cardenasmarkets.com\/es\/?s={search_term_string}"},"query-input":{"@type":"PropertyValueSpecification","valueRequired":true,"valueName":"search_term_string"}}],"inLanguage":"es"}]}},"_links":{"self":[{"href":"https:\/\/www.cardenasmarkets.com\/es\/wp-json\/wp\/v2\/news\/1299","targetHints":{"allow":["GET"]}}],"collection":[{"href":"https:\/\/www.cardenasmarkets.com\/es\/wp-json\/wp\/v2\/news"}],"about":[{"href":"https:\/\/www.cardenasmarkets.com\/es\/wp-json\/wp\/v2\/types\/news"}],"wp:featuredmedia":[{"embeddable":true,"href":"https:\/\/www.cardenasmarkets.com\/es\/wp-json\/wp\/v2\/media\/1296"}],"wp:attachment":[{"href":"https:\/\/www.cardenasmarkets.com\/es\/wp-json\/wp\/v2\/media?parent=1299"}],"wp:term":[{"taxonomy":"news_category","embeddable":true,"href":"https:\/\/www.cardenasmarkets.com\/es\/wp-json\/wp\/v2\/news_category?post=1299"}],"curies":[{"name":"wp","href":"https:\/\/api.w.org\/{rel}","templated":true}]}}